{"id":25717,"date":"2022-10-03T09:32:07","date_gmt":"2022-10-03T13:32:07","guid":{"rendered":"https:\/\/ciepo.org\/web\/?p=25717"},"modified":"2022-10-04T09:35:15","modified_gmt":"2022-10-04T13:35:15","slug":"la-ong-espanola-cesal-y-ciepo-lanzan-nuevo-programa-en-5-municipios-de-la-region-enriquillo","status":"publish","type":"post","link":"https:\/\/ciepo.org\/web\/la-ong-espanola-cesal-y-ciepo-lanzan-nuevo-programa-en-5-municipios-de-la-region-enriquillo\/","title":{"rendered":"La ONG Espa\u00f1ola CESAL y CIEPO lanzan nuevo programa en 5 municipios de la Regi\u00f3n Enriquillo."},"content":{"rendered":"<p><a href=\"https:\/\/ciepo.org\/web\/wp-content\/uploads\/2022\/10\/IMG-20221003-WA0015.jpg\"><img loading=\"lazy\" decoding=\"async\" class=\"alignnone size-full wp-image-25718\" src=\"https:\/\/ciepo.org\/web\/wp-content\/uploads\/2022\/10\/IMG-20221003-WA0015.jpg\" alt=\"\" width=\"1280\" height=\"958\" srcset=\"https:\/\/ciepo.org\/web\/wp-content\/uploads\/2022\/10\/IMG-20221003-WA0015.jpg 1280w, https:\/\/ciepo.org\/web\/wp-content\/uploads\/2022\/10\/IMG-20221003-WA0015-300x225.jpg 300w, https:\/\/ciepo.org\/web\/wp-content\/uploads\/2022\/10\/IMG-20221003-WA0015-1030x771.jpg 1030w, https:\/\/ciepo.org\/web\/wp-content\/uploads\/2022\/10\/IMG-20221003-WA0015-768x575.jpg 768w, https:\/\/ciepo.org\/web\/wp-content\/uploads\/2022\/10\/IMG-20221003-WA0015-705x528.jpg 705w\" sizes=\"(max-width: 1280px) 100vw, 1280px\" \/><\/a><\/p>\n<p><a href=\"https:\/\/ciepo.org\/web\/wp-content\/uploads\/2022\/10\/La-ONG-Espanola-CESAL-y-CIEPO-lanzan-nuevo-programa-en-5-municipios-de-la-Region-Enriquillo.pdf\"><span style=\"color: #ff0000;\"><strong>Descargar en PDF<\/strong><\/span><\/a><\/p>\n<p>Con una participaci\u00f3n de m\u00e1s de 170 personas, CESAL y CIEPO lanzaron el programa: \u201cMayor resiliencia para las poblaciones vulnerables de la Reserva de la Biosfera Jaragua Bahoruco Enriquillo: Mejora en la gesti\u00f3n participativa y sostenible de los recursos Naturales e innovaci\u00f3n y desarrollo del potencial agr\u00edcola en sus comunidades rurales\u201d a ejecutarse en los municipios de Polo, Mella, Duverg\u00e9, Jiman\u00ed, La Descubierta y Villa Jaragua.<\/p>\n<p><a href=\"https:\/\/ciepo.org\/web\/wp-content\/uploads\/2022\/10\/IMG-20220923-WA0008.jpg\"><img loading=\"lazy\" decoding=\"async\" class=\"wp-image-25719 size-medium alignleft\" src=\"https:\/\/ciepo.org\/web\/wp-content\/uploads\/2022\/10\/IMG-20220923-WA0008-300x225.jpg\" alt=\"\" width=\"300\" height=\"225\" srcset=\"https:\/\/ciepo.org\/web\/wp-content\/uploads\/2022\/10\/IMG-20220923-WA0008-300x225.jpg 300w, https:\/\/ciepo.org\/web\/wp-content\/uploads\/2022\/10\/IMG-20220923-WA0008-1030x773.jpg 1030w, https:\/\/ciepo.org\/web\/wp-content\/uploads\/2022\/10\/IMG-20220923-WA0008-768x576.jpg 768w, https:\/\/ciepo.org\/web\/wp-content\/uploads\/2022\/10\/IMG-20220923-WA0008-1536x1152.jpg 1536w, https:\/\/ciepo.org\/web\/wp-content\/uploads\/2022\/10\/IMG-20220923-WA0008-1500x1125.jpg 1500w, https:\/\/ciepo.org\/web\/wp-content\/uploads\/2022\/10\/IMG-20220923-WA0008-705x529.jpg 705w, https:\/\/ciepo.org\/web\/wp-content\/uploads\/2022\/10\/IMG-20220923-WA0008.jpg 1600w\" sizes=\"(max-width: 300px) 100vw, 300px\" \/><\/a>En los municipios citados, se han llevado a cabo asambleas de presentaci\u00f3n y socializaci\u00f3n del proyecto que ha contado con la participaci\u00f3n de autoridades locales, miembros de los Comit\u00e9s Municipales de PMR, Redes SSAN, Consejos Econ\u00f3micos y Sociales, Escuelas, Asociaciones y Cooperativas Beneficiarias de la iniciativa.<\/p>\n<p>El programa de 3 a\u00f1os de duraci\u00f3n es ejecutado por la ONG espa\u00f1ola CESAL y por las entidades locales CIEPO e IDIAF con fondos donados por la Generalitat Valenciana. Consta de 4 Resultados Esperados que tocan el fortalecimiento de los Comit\u00e9s Municipales de PMR; la creaci\u00f3n de Unidades Municipales de Gesti\u00f3n de Riesgos y Cambio Clim\u00e1tico en 5 ayuntamientos; as\u00ed como la intervenci\u00f3n directa con productores y productoras de 9 Asociaciones y Cooperativas que tienen como medios de vida la producci\u00f3n de lim\u00f3n, habichuelas, ma\u00edz, hortalizas, mus\u00e1ceas, peces en jaula, aguacates, miel y sazones org\u00e1nicos.<\/p>\n<p><a href=\"https:\/\/ciepo.org\/web\/wp-content\/uploads\/2022\/10\/IMG-20220923-WA0043.jpg\"><img loading=\"lazy\" decoding=\"async\" class=\"alignnone size-full wp-image-25720\" src=\"https:\/\/ciepo.org\/web\/wp-content\/uploads\/2022\/10\/IMG-20220923-WA0043.jpg\" alt=\"\" width=\"1280\" height=\"592\" srcset=\"https:\/\/ciepo.org\/web\/wp-content\/uploads\/2022\/10\/IMG-20220923-WA0043.jpg 1280w, https:\/\/ciepo.org\/web\/wp-content\/uploads\/2022\/10\/IMG-20220923-WA0043-300x139.jpg 300w, https:\/\/ciepo.org\/web\/wp-content\/uploads\/2022\/10\/IMG-20220923-WA0043-1030x476.jpg 1030w, https:\/\/ciepo.org\/web\/wp-content\/uploads\/2022\/10\/IMG-20220923-WA0043-768x355.jpg 768w, https:\/\/ciepo.org\/web\/wp-content\/uploads\/2022\/10\/IMG-20220923-WA0043-705x326.jpg 705w\" sizes=\"(max-width: 1280px) 100vw, 1280px\" \/><\/a>Las actividades de presentaci\u00f3n del programa fueron realizadas entre el 14 y el 30 del mes de septiembre, por parte del equipo de CESAL y CIEPO siendo acogidas con mucho benepl\u00e1cito por las autoridades, productores, comunitarios, escuelas e instituciones que conforman los comit\u00e9s de PMR.<\/p>\n","protected":false},"excerpt":{"rendered":"<p>Descargar en PDF Con una participaci\u00f3n de m\u00e1s de 170 personas, CESAL y CIEPO lanzaron el programa: \u201cMayor resiliencia para las poblaciones vulnerables de la Reserva de la Biosfera Jaragua Bahoruco Enriquillo: Mejora en la gesti\u00f3n participativa y sostenible de los recursos Naturales e innovaci\u00f3n y desarrollo del potencial agr\u00edcola en sus comunidades rurales\u201d a [&hellip;]<\/p>\n","protected":false},"author":1,"featured_media":25718,"comment_status":"open","ping_status":"open","sticky":false,"template":"","format":"standard","meta":{"footnotes":""},"categories":[106],"tags":[],"_links":{"self":[{"href":"https:\/\/ciepo.org\/web\/wp-json\/wp\/v2\/posts\/25717"}],"collection":[{"href":"https:\/\/ciepo.org\/web\/wp-json\/wp\/v2\/posts"}],"about":[{"href":"https:\/\/ciepo.org\/web\/wp-json\/wp\/v2\/types\/post"}],"author":[{"embeddable":true,"href":"https:\/\/ciepo.org\/web\/wp-json\/wp\/v2\/users\/1"}],"replies":[{"embeddable":true,"href":"https:\/\/ciepo.org\/web\/wp-json\/wp\/v2\/comments?post=25717"}],"version-history":[{"count":2,"href":"https:\/\/ciepo.org\/web\/wp-json\/wp\/v2\/posts\/25717\/revisions"}],"predecessor-version":[{"id":25760,"href":"https:\/\/ciepo.org\/web\/wp-json\/wp\/v2\/posts\/25717\/revisions\/25760"}],"wp:featuredmedia":[{"embeddable":true,"href":"https:\/\/ciepo.org\/web\/wp-json\/wp\/v2\/media\/25718"}],"wp:attachment":[{"href":"https:\/\/ciepo.org\/web\/wp-json\/wp\/v2\/media?parent=25717"}],"wp:term":[{"taxonomy":"category","embeddable":true,"href":"https:\/\/ciepo.org\/web\/wp-json\/wp\/v2\/categories?post=25717"},{"taxonomy":"post_tag","embeddable":true,"href":"https:\/\/ciepo.org\/web\/wp-json\/wp\/v2\/tags?post=25717"}],"curies":[{"name":"wp","href":"https:\/\/api.w.org\/{rel}","templated":true}]}}