{"id":621,"date":"2021-08-02T15:19:54","date_gmt":"2021-08-02T15:19:54","guid":{"rendered":"https:\/\/ciepo.org\/nbsime\/?p=621"},"modified":"2021-10-08T15:21:51","modified_gmt":"2021-10-08T15:21:51","slug":"continuan-las-acciones-de-ciepo-en-favor-de-los-productores-y-productoras-en-la-provincia-independencia","status":"publish","type":"post","link":"https:\/\/ciepo.org\/nbsime\/2021\/08\/02\/continuan-las-acciones-de-ciepo-en-favor-de-los-productores-y-productoras-en-la-provincia-independencia\/","title":{"rendered":"CONTINUAN LAS ACCIONES DE CIEPO EN FAVOR DE LOS PRODUCTORES Y PRODUCTORAS EN LA PROVINCIA INDEPENDENCIA."},"content":{"rendered":"<p><img loading=\"lazy\" decoding=\"async\" class=\"alignnone size-full wp-image-622\" src=\"https:\/\/ciepo.org\/nbsime\/wp-content\/uploads\/2021\/10\/229104553_4388027724551154_4828783475889796651_n.jpg\" alt=\"\" width=\"1560\" height=\"1170\" srcset=\"https:\/\/ciepo.org\/nbsime\/wp-content\/uploads\/2021\/10\/229104553_4388027724551154_4828783475889796651_n.jpg 1560w, https:\/\/ciepo.org\/nbsime\/wp-content\/uploads\/2021\/10\/229104553_4388027724551154_4828783475889796651_n-300x225.jpg 300w, https:\/\/ciepo.org\/nbsime\/wp-content\/uploads\/2021\/10\/229104553_4388027724551154_4828783475889796651_n-1030x773.jpg 1030w, https:\/\/ciepo.org\/nbsime\/wp-content\/uploads\/2021\/10\/229104553_4388027724551154_4828783475889796651_n-768x576.jpg 768w, https:\/\/ciepo.org\/nbsime\/wp-content\/uploads\/2021\/10\/229104553_4388027724551154_4828783475889796651_n-1536x1152.jpg 1536w, https:\/\/ciepo.org\/nbsime\/wp-content\/uploads\/2021\/10\/229104553_4388027724551154_4828783475889796651_n-1500x1125.jpg 1500w, https:\/\/ciepo.org\/nbsime\/wp-content\/uploads\/2021\/10\/229104553_4388027724551154_4828783475889796651_n-705x529.jpg 705w\" sizes=\"auto, (max-width: 1560px) 100vw, 1560px\" \/><\/p>\n<div class=\"o9v6fnle cxmmr5t8 oygrvhab hcukyx3x c1et5uql ii04i59q\">\n<div dir=\"auto\"><strong>Unidad de Capacitaci\u00f3n.<\/strong><\/div>\n<div dir=\"auto\"><\/div>\n<\/div>\n<div class=\"o9v6fnle cxmmr5t8 oygrvhab hcukyx3x c1et5uql ii04i59q\">\n<div dir=\"auto\">En Centro de Investigaci\u00f3n y Educaci\u00f3n Popular, Inc. (CIEPO), inici\u00f3 este lunes el proceso de reacondicionamiento de parcelas, para dar paso a la siembra de arbolitos frutales y maderables, en el que participan como brigadistas 20 productores\/as de La Descubierta, Bartolom\u00e9 y Boca de Cach\u00f3n.<\/div>\n<div dir=\"auto\"><\/div>\n<\/div>\n<div class=\"o9v6fnle cxmmr5t8 oygrvhab hcukyx3x c1et5uql ii04i59q\">\n<div dir=\"auto\">La acci\u00f3n forma parte del proyecto titulado: &#8220;Apoyo a la producci\u00f3n agr\u00edcola Sostenible para la Adaptaci\u00f3n al Cambio Clim\u00e1tico en tres comunidades de la Reserva de Bi\u00f3sfera Jaragua, Bahoruco-Enriquillo, que ejecuta CIEPO con apoyo de la GIZ.<\/div>\n<div dir=\"auto\"><\/div>\n<\/div>\n<div class=\"o9v6fnle cxmmr5t8 oygrvhab hcukyx3x c1et5uql ii04i59q\">\n<div dir=\"auto\">En el marco del proyecto, se han conformado otras brigadas que han reacondicionado caminos Inter parcelarios, han limpiado canales de riego y rehabilitado empalizadas.<\/div>\n<div dir=\"auto\"><\/div>\n<\/div>\n<div class=\"o9v6fnle cxmmr5t8 oygrvhab hcukyx3x c1et5uql ii04i59q\">\n<div dir=\"auto\">Tambi\u00e9n se est\u00e1 haciendo entrega de arbolitos frutales en las tres comunidades. Se trata de la introducci\u00f3n en las parcelas de especies de f\u00e1cil adaptaci\u00f3n a las inclemencias del tiempo.<\/div>\n<\/div>\n<div dir=\"auto\"><\/div>\n<div dir=\"auto\"><img loading=\"lazy\" decoding=\"async\" class=\"alignnone size-full wp-image-623\" src=\"https:\/\/ciepo.org\/nbsime\/wp-content\/uploads\/2021\/10\/227942798_4388027671217826_8232416809095156103_n.jpg\" alt=\"\" width=\"1560\" height=\"1170\" srcset=\"https:\/\/ciepo.org\/nbsime\/wp-content\/uploads\/2021\/10\/227942798_4388027671217826_8232416809095156103_n.jpg 1560w, https:\/\/ciepo.org\/nbsime\/wp-content\/uploads\/2021\/10\/227942798_4388027671217826_8232416809095156103_n-300x225.jpg 300w, https:\/\/ciepo.org\/nbsime\/wp-content\/uploads\/2021\/10\/227942798_4388027671217826_8232416809095156103_n-1030x773.jpg 1030w, https:\/\/ciepo.org\/nbsime\/wp-content\/uploads\/2021\/10\/227942798_4388027671217826_8232416809095156103_n-768x576.jpg 768w, https:\/\/ciepo.org\/nbsime\/wp-content\/uploads\/2021\/10\/227942798_4388027671217826_8232416809095156103_n-1536x1152.jpg 1536w, https:\/\/ciepo.org\/nbsime\/wp-content\/uploads\/2021\/10\/227942798_4388027671217826_8232416809095156103_n-1500x1125.jpg 1500w, https:\/\/ciepo.org\/nbsime\/wp-content\/uploads\/2021\/10\/227942798_4388027671217826_8232416809095156103_n-705x529.jpg 705w\" sizes=\"auto, (max-width: 1560px) 100vw, 1560px\" \/><\/div>\n<div class=\"o9v6fnle cxmmr5t8 oygrvhab hcukyx3x c1et5uql ii04i59q\">\n<div dir=\"auto\"><\/div>\n<\/div>\n<div class=\"o9v6fnle cxmmr5t8 oygrvhab hcukyx3x c1et5uql ii04i59q\">\n<div dir=\"auto\">Al compas de estas actividades, se desarrolla tambi\u00e9n un proceso de capacitaci\u00f3n, que incluye talleres sobre Agricultura Sostenible, Producci\u00f3n, de Abogo Org\u00e1nico, Cambio Clim\u00e1tico, Manejo y Control de Plagas, entre otros.<\/div>\n<\/div>\n<div class=\"o9v6fnle cxmmr5t8 oygrvhab hcukyx3x c1et5uql ii04i59q\">\n<div dir=\"auto\">El objetivo de estas capacitaciones, es crear en los productores\/as conocimientos que les ayuden a desarrollar una agricultura con mayores beneficios y rendimiento y m\u00e1s amigable con el medio ambiente y los recursos naturales.<\/div>\n<\/div>\n<div class=\"o9v6fnle cxmmr5t8 oygrvhab hcukyx3x c1et5uql ii04i59q\">\n<div dir=\"auto\">En los actuales momentos tambi\u00e9n se agota una jornada de medici\u00f3n y georeferenciamiento de las parcelas de cada productor, para tener documentada su ubicaci\u00f3n y condiciones.<\/div>\n<div dir=\"auto\"><\/div>\n<\/div>\n<div class=\"o9v6fnle cxmmr5t8 oygrvhab hcukyx3x c1et5uql ii04i59q\">\n<div dir=\"auto\">El t\u00e9cnico &#8220;Diligente&#8221;, Rafael Ferreras P\u00e9rez no descansa dando apoyo de campo a los productores\/as que han acogido con mucho entusiasmo el proyecto.<\/div>\n<\/div>\n","protected":false},"excerpt":{"rendered":"<p>Unidad de Capacitaci\u00f3n. En Centro de Investigaci\u00f3n y Educaci\u00f3n Popular, Inc. (CIEPO), inici\u00f3 este lunes el proceso de reacondicionamiento de parcelas, para dar paso a la siembra de arbolitos frutales y maderables, en el que participan como brigadistas 20 productores\/as de La Descubierta, Bartolom\u00e9 y Boca de Cach\u00f3n. La acci\u00f3n forma parte del proyecto titulado: [&hellip;]<\/p>\n","protected":false},"author":1,"featured_media":622,"comment_status":"open","ping_status":"open","sticky":false,"template":"","format":"standard","meta":{"footnotes":""},"categories":[14],"tags":[],"class_list":["post-621","post","type-post","status-publish","format-standard","has-post-thumbnail","hentry","category-noticias"],"_links":{"self":[{"href":"https:\/\/ciepo.org\/nbsime\/wp-json\/wp\/v2\/posts\/621","targetHints":{"allow":["GET"]}}],"collection":[{"href":"https:\/\/ciepo.org\/nbsime\/wp-json\/wp\/v2\/posts"}],"about":[{"href":"https:\/\/ciepo.org\/nbsime\/wp-json\/wp\/v2\/types\/post"}],"author":[{"embeddable":true,"href":"https:\/\/ciepo.org\/nbsime\/wp-json\/wp\/v2\/users\/1"}],"replies":[{"embeddable":true,"href":"https:\/\/ciepo.org\/nbsime\/wp-json\/wp\/v2\/comments?post=621"}],"version-history":[{"count":1,"href":"https:\/\/ciepo.org\/nbsime\/wp-json\/wp\/v2\/posts\/621\/revisions"}],"predecessor-version":[{"id":624,"href":"https:\/\/ciepo.org\/nbsime\/wp-json\/wp\/v2\/posts\/621\/revisions\/624"}],"wp:featuredmedia":[{"embeddable":true,"href":"https:\/\/ciepo.org\/nbsime\/wp-json\/wp\/v2\/media\/622"}],"wp:attachment":[{"href":"https:\/\/ciepo.org\/nbsime\/wp-json\/wp\/v2\/media?parent=621"}],"wp:term":[{"taxonomy":"category","embeddable":true,"href":"https:\/\/ciepo.org\/nbsime\/wp-json\/wp\/v2\/categories?post=621"},{"taxonomy":"post_tag","embeddable":true,"href":"https:\/\/ciepo.org\/nbsime\/wp-json\/wp\/v2\/tags?post=621"}],"curies":[{"name":"wp","href":"https:\/\/api.w.org\/{rel}","templated":true}]}}