{"id":315,"date":"2020-05-21T20:08:14","date_gmt":"2020-05-21T20:08:14","guid":{"rendered":"https:\/\/ciepo.org\/nbsime\/?p=315"},"modified":"2021-09-27T20:22:32","modified_gmt":"2021-09-27T20:22:32","slug":"ciepo-la-ong-de-la-descubierta","status":"publish","type":"post","link":"https:\/\/ciepo.org\/nbsime\/2020\/05\/21\/ciepo-la-ong-de-la-descubierta\/","title":{"rendered":"CIEPO, LA ONG DE LA DESCUBIERTA"},"content":{"rendered":"<div class=\"entry-content post-content\">\n<div id=\"wppb-builder-container\" class=\"wppb-builder-container\">\n<p>Hasta finales de los a\u00f1os 80 La Descubierta, al noroeste de la provincia Independencia, era un municipio de gente ap\u00e1tica e indiferente hacia los problemas comunitarios. Sus habitantes lo reconocen.<\/p>\n<p>Todo cambi\u00f3 a partir de 1988, cuando siete j\u00f3venes vinculados a los movimientos sociales y que se consideraban a s\u00ed mismos contestatarios fundaron un equipo de educaci\u00f3n popular que dos a\u00f1os m\u00e1s tardes se transformar\u00eda en el Centro de Investigaci\u00f3n y Educaci\u00f3n Popular (Ciepo).<\/p>\n<p>Los j\u00f3venes se inspiraron en la programaci\u00f3n de apoyo a las luchas sociales que promov\u00eda entonces la regional Radio Enriquillo para hacer realidad una idea de Dugar Ferreras: estructurar una instituci\u00f3n que acompa\u00f1ara a las organizaciones de base, las capacitara y las fortaleciera como instituciones comunitarias.<\/p>\n<p>Ciepo, hoy d\u00eda, es la organizaci\u00f3n sin fines de lucro y privada m\u00e1s influyente de la provincia Independencia y parte de la provincia Bahoruco.<\/p>\n<p>\u201cSomos una instituci\u00f3n compuesta por personal de la comunidad, profesionales que hemos crecido y nos hemos formado junto a ella. Aqu\u00ed hemos estudiado, hecho familia\u201d, dice Nelson Cuevas, director ejecutivo de Ciepo.<\/p>\n<p>\u00bfPor qu\u00e9 comenzar ofertando cursos y talleres acad\u00e9micos y de g\u00e9nero para organizar y fortalecer la comunidad?<\/p>\n<p>\u201c\u00c9ramos una comunidad un poco amorfa. Los que pens\u00e1bamos un poco elevado en sentido de organizaci\u00f3n y desarrollo quer\u00edamos crecer y que nuestra comunidad se desarrollara tambi\u00e9n\u201d, explica Jannet Cuevas Medina, secretaria de la junta directiva de Ciepo.<\/p>\n<p>De esta forma, de ser una congregaci\u00f3n ap\u00e1tica e indiferente hacia los programas comunitarios La Descubierta se transform\u00f3 en un municipio activo.<\/p>\n<p>\u201cLas mujeres nos organizamos en asociaciones, nos fuimos formando con charlas y cursos de carpinter\u00eda, mecanograf\u00eda, en muchas cosas at\u00edpicas\u201d, comparte Dominga Flori\u00e1n Medina, vicepresidenta de la junta directiva, con LIST\u00cdN DIARIO.<\/p>\n<p><strong>Crecimiento<\/strong><br \/>\nCiepo cre\u00f3 el N\u00facleo de Productores de Caf\u00e9 con todas las organizaciones cafetaleras de la provincia (los productores recibieron capacitaci\u00f3n en la producci\u00f3n y comercializaci\u00f3n del rubro), la Federaci\u00f3n de Mujeres Microempresarias y el N\u00facleo de Productores de Bosque Seco.<\/p>\n<p>Sus miembros establecieron alianzas con el ayuntamiento local, las asociaciones de padres, madres y amigos de las escuelas y con otras organizaciones regionales\u00a0 y nacionales para implementar programas educativos, culturales y deportivos.<\/p>\n<p>A partir de 1996, se concentraron en la b\u00fasqueda de financiamiento para los proyectos a trav\u00e9s de un programa de cr\u00e9dito que hoy, junto con las donaciones, es la base econ\u00f3mica que sustenta la instituci\u00f3n.<\/p>\n<p>\u201cA medida que crecemos van surgiendo ideas y necesidades. Aparte de la capacitaci\u00f3n, hab\u00eda que ayudar a los miembros de la comunidad en sus proyectos personales\u201d, comenta Ruddy\u00a0 Mart\u00ednez, subdirectora administrativa.<\/p>\n<p>De un primer pr\u00e9stamo de 123,000 pesos, la cartera activa de Ciepo ronda en la actualidad los 21,600,000.\u00a0 A la fecha ha ofrecido 1,360 pr\u00e9stamos (711 activos), con una tasa de inter\u00e9s de 0.5 a 2 % mensual.<\/p>\n<p>Trat\u00e1ndose de una de las provincias m\u00e1s pobres, donde las personas tienen poco acceso a la banca com\u00fan, estos pr\u00e9stamos les han permitido a muchos mun\u00edcipes iniciar proyectos agropecuarios, comerciales, habitacionales, industriales y personales.<\/p>\n<p>\u201cLa gente, que siempre hab\u00eda vivido de la agropecuaria, encuentra ahora otras opciones en el comercio y en el \u00e1rea de servicios; ha comenzado a cambiar su modo de vida y a enfrentar las necesidades\u201d, opina el t\u00e9cnico agr\u00edcola Nixon Medina.<\/p>\n<p>Ciepo tambi\u00e9n se ha involucrado en la gesti\u00f3n de riesgo de la provincia, que cuenta con una poblaci\u00f3n de unos 52,000 habitantes. En la provincia Bahoruco tienen incidencia en los municipios Los R\u00edos y Villa Jaragua.<\/p>\n<p>Actualmente, 35 j\u00f3venes reciben cada mes ayuda econ\u00f3mica para continuar los estudios superiores y decenas de estudiantes meritorios reciben cada a\u00f1o becas y dispositivos tecnol\u00f3gicos como incentivo.<\/p>\n<p><strong>Reconocimiento<\/strong><br \/>\nCon tanto trabajo realizado en los \u00faltimos a\u00f1os, no fue una sorpresa que Ciepo recibiera en 2015, en la categor\u00eda Desarrollo Comunitario, el Premio Brugal Cree en su Gente, un galard\u00f3n que entrega anualmente la Fundaci\u00f3n Brugal y que otorga un mill\u00f3n de pesos a seis instituciones solidarias por su trabajo durante un a\u00f1o.<\/p>\n<p>\u201cPara nosotros fue algo muy grande. Porque los recursos que llegan a esta instituci\u00f3n son devueltos a sus verdaderos beneficiarios. Esa ha sido la clave del crecimiento de Ciepo y de que nosotros podamos hacer cosas para la comunidad\u201d, sostiene Dugar Ferreras,\u00a0 presidente de la junta directiva.<\/p>\n<p>El premio, expresa Ferreras, lo invertir\u00e1n en el seguimiento t\u00e9cnico, la capacitaci\u00f3n de los grupos de base, la promoci\u00f3n de actividades culturales y para capitalizar el programa de cr\u00e9dito.<\/p>\n<p>Para Freddys M\u00e9ndez, presidente del ayuntamiento de La Descubierta, \u201cCiepo es la instituci\u00f3n madre de la provincia Independencia porque ha logrado agrupar a todas las instituciones del pueblo y es la que mantiene m\u00e1s contacto directo\u00a0\u00a0 y sincero con la gente\u201d.<\/p>\n<p><strong>Altruismo.\u00a0<\/strong>Ciepo implementa muchos otros proyectos y programas culturales, de capacitaci\u00f3n, de desarrollo y de acompa\u00f1amiento a la sociedad civil que, por espacio, no quedaron documentados aqu\u00ed.<\/p>\n<p><strong>Benefi ciarios.<\/strong>\u00a0Gregorio De \u00d3leo, Ram\u00f3n de \u00d3leo Morillo y Avelino Marte, beneficiarios del programa de cr\u00e9dito. Avelino, peque\u00f1o productor de pl\u00e1tano (45 tareas) y lechosa (50 tareas), dice que gracias a Ciepo mantiene activas estas parcelas ubicadas entre los kil\u00f3metros 7 y 9 de la Carretera La Descubierta-Jiman\u00ed. \u201cTienen m\u00e1s o menos 12 a\u00f1os negociando conmigo, un infeliz productor. Cuando quiero hacer mi cosechita, hago mi prestamito. Antes era imposible, porque si usted es pobre y espera que el gobierno lo ayude es poco lo que va a conseguir\u201d.<\/p>\n<p><strong>Deportes.<\/strong>\u00a0Alejandro Medina (derecha) es un maestro de Educaci\u00f3n F\u00edsica y abogado que voluntariamente trabaja en el desarrollo deportivo de La Descubierta desde hace 35 a\u00f1os. Con el apoyo de Ciepo y del Ayuntamiento dirige la Liga Medina, integrada por 125 ni\u00f1os, adolescentes y j\u00f3venes. Le acompa\u00f1a el entrenador y antiguo beisbolista Joselito Ferreras (m\u00e1s de 20 a\u00f1os dedicado al deporte). \u201cEste municipio siempre ha sido muy deportivo. Nuestro torneo navide\u00f1o de pelota es una tradici\u00f3n. Buscamos que la juventud se mantenga ocupada, pero todos saben que primero van los estudios y despu\u00e9s el deporte\u201d, dice Medina.<\/p>\n<p>Fuente:\u00a0<a href=\"https:\/\/listindiario.com\/\">https:\/\/listindiario.com\/<\/a><\/p>\n<\/div>\n<\/div>\n<div class=\"socials-sharing socials socials-colored-hover\"><i class=\"socials-item-icon facebook\"><\/i>\u00a0<i class=\"socials-item-icon twitter\"><\/i>\u00a0<i class=\"socials-item-icon pinterest\"><\/i>\u00a0<i class=\"socials-item-icon tumblr\"><\/i>\u00a0<i class=\"socials-item-icon linkedin\"><\/i>\u00a0<i class=\"socials-item-icon reddit\"><\/i><\/div>\n","protected":false},"excerpt":{"rendered":"<p>Hasta finales de los a\u00f1os 80 La Descubierta, al noroeste de la provincia Independencia, era un municipio de gente ap\u00e1tica e indiferente hacia los problemas comunitarios. Sus habitantes lo reconocen. Todo cambi\u00f3 a partir de 1988, cuando siete j\u00f3venes vinculados a los movimientos sociales y que se consideraban a s\u00ed mismos contestatarios fundaron un equipo [&hellip;]<\/p>\n","protected":false},"author":1,"featured_media":316,"comment_status":"open","ping_status":"open","sticky":false,"template":"","format":"standard","meta":{"footnotes":""},"categories":[14],"tags":[],"class_list":["post-315","post","type-post","status-publish","format-standard","has-post-thumbnail","hentry","category-noticias"],"_links":{"self":[{"href":"https:\/\/ciepo.org\/nbsime\/wp-json\/wp\/v2\/posts\/315","targetHints":{"allow":["GET"]}}],"collection":[{"href":"https:\/\/ciepo.org\/nbsime\/wp-json\/wp\/v2\/posts"}],"about":[{"href":"https:\/\/ciepo.org\/nbsime\/wp-json\/wp\/v2\/types\/post"}],"author":[{"embeddable":true,"href":"https:\/\/ciepo.org\/nbsime\/wp-json\/wp\/v2\/users\/1"}],"replies":[{"embeddable":true,"href":"https:\/\/ciepo.org\/nbsime\/wp-json\/wp\/v2\/comments?post=315"}],"version-history":[{"count":1,"href":"https:\/\/ciepo.org\/nbsime\/wp-json\/wp\/v2\/posts\/315\/revisions"}],"predecessor-version":[{"id":317,"href":"https:\/\/ciepo.org\/nbsime\/wp-json\/wp\/v2\/posts\/315\/revisions\/317"}],"wp:featuredmedia":[{"embeddable":true,"href":"https:\/\/ciepo.org\/nbsime\/wp-json\/wp\/v2\/media\/316"}],"wp:attachment":[{"href":"https:\/\/ciepo.org\/nbsime\/wp-json\/wp\/v2\/media?parent=315"}],"wp:term":[{"taxonomy":"category","embeddable":true,"href":"https:\/\/ciepo.org\/nbsime\/wp-json\/wp\/v2\/categories?post=315"},{"taxonomy":"post_tag","embeddable":true,"href":"https:\/\/ciepo.org\/nbsime\/wp-json\/wp\/v2\/tags?post=315"}],"curies":[{"name":"wp","href":"https:\/\/api.w.org\/{rel}","templated":true}]}}