{"id":291,"date":"2020-08-14T16:55:12","date_gmt":"2020-08-14T16:55:12","guid":{"rendered":"https:\/\/ciepo.org\/nbsime\/?p=291"},"modified":"2021-09-27T17:12:21","modified_gmt":"2021-09-27T17:12:21","slug":"director-de-medioambiente-en-independencia-desmiente-este-talando-arboles","status":"publish","type":"post","link":"https:\/\/ciepo.org\/nbsime\/2020\/08\/14\/director-de-medioambiente-en-independencia-desmiente-este-talando-arboles\/","title":{"rendered":"DIRECTOR DE MEDIOAMBIENTE EN INDEPENDENCIA DESMIENTE EST\u00c9 TALANDO \u00c1RBOLES"},"content":{"rendered":"<p>&nbsp;<\/p>\n<p>El director del Departamento Provincial de Medio Ambiente de la provincia Independencia, Nelson Cuevas, desminti\u00f3 este viernes que est\u00e9 cometiendo un crimen contra el medio ambiente, con la supuesta tumba de \u00e1rboles para hacer negocios, seg\u00fan denunci\u00f3 hace unos d\u00edas el presidente de la Asociaci\u00f3n Dominicana de Ingenieros Agr\u00f3nomos (ADIA-RD), ingeniero Buenaventura Gonz\u00e1lez, en una nota de prensa.<\/p>\n<p>A trav\u00e9s de un comunicado que envi\u00f3 a este medio, Cuevas asegur\u00f3 que esa informaci\u00f3n es difamatoria y que busca da\u00f1ar su moral y hoja de servicios de m\u00e1s de 35 a\u00f1os a favor de sus comunidades de la provincia Independencia.<\/p>\n<p>En un acta de servicio de monitoreo de inspecci\u00f3n ambiental se establece que Nixon Medina Cuevas, en su calidad de t\u00e9cnico de la Direcci\u00f3n Provincial de Medio Ambiente en esa demarcaci\u00f3n, realiz\u00f3 una inspecci\u00f3n t\u00e9cnico-ambiental para verificar la ocurrencia de posibles il\u00edcitos que estar\u00edan afectando al medioambiente, as\u00ed como para establecer responsabilidades y aplicar las medidas pertinentes.<\/p>\n<p><img loading=\"lazy\" decoding=\"async\" class=\"wp-image-294 aligncenter\" src=\"https:\/\/ciepo.org\/nbsime\/wp-content\/uploads\/2021\/09\/aaa4899f-acta-de-infaccion-levantada-en-el-lugar-de-los-hechos-y-entregada-al-procurador-de-medio-ambiente-en-la-provincia-1-de-2-5f36fd4b8c94f.jpg\" alt=\"\" width=\"433\" height=\"608\" srcset=\"https:\/\/ciepo.org\/nbsime\/wp-content\/uploads\/2021\/09\/aaa4899f-acta-de-infaccion-levantada-en-el-lugar-de-los-hechos-y-entregada-al-procurador-de-medio-ambiente-en-la-provincia-1-de-2-5f36fd4b8c94f.jpg 727w, https:\/\/ciepo.org\/nbsime\/wp-content\/uploads\/2021\/09\/aaa4899f-acta-de-infaccion-levantada-en-el-lugar-de-los-hechos-y-entregada-al-procurador-de-medio-ambiente-en-la-provincia-1-de-2-5f36fd4b8c94f-214x300.jpg 214w, https:\/\/ciepo.org\/nbsime\/wp-content\/uploads\/2021\/09\/aaa4899f-acta-de-infaccion-levantada-en-el-lugar-de-los-hechos-y-entregada-al-procurador-de-medio-ambiente-en-la-provincia-1-de-2-5f36fd4b8c94f-502x705.jpg 502w\" sizes=\"auto, (max-width: 433px) 100vw, 433px\" \/><\/p>\n<p><img loading=\"lazy\" decoding=\"async\" class=\"size-full wp-image-293 aligncenter\" src=\"https:\/\/ciepo.org\/nbsime\/wp-content\/uploads\/2021\/09\/a57e7a93-0-5f36fe0a1c541.jpg\" alt=\"\" width=\"456\" height=\"608\" srcset=\"https:\/\/ciepo.org\/nbsime\/wp-content\/uploads\/2021\/09\/a57e7a93-0-5f36fe0a1c541.jpg 456w, https:\/\/ciepo.org\/nbsime\/wp-content\/uploads\/2021\/09\/a57e7a93-0-5f36fe0a1c541-225x300.jpg 225w\" sizes=\"auto, (max-width: 456px) 100vw, 456px\" \/><\/p>\n<p>\u201cAl haber realizado la inspecci\u00f3n en la referida direcci\u00f3n y su entorno se pudo comprobar lo siguiente: corte y transporte de cuatro arboles de la especie de roble en el municipio de La Descubierta, sector Bayahonda, sin los permisos correspondientes en violaci\u00f3n a la Ley 64-00 de Medioambiente y Recursos Naturales\u201d, indica el acta.<\/p>\n<p>Agrega que se recomend\u00f3 una orden de arresto con urgencia para el que cometi\u00f3 las infracciones. Adem\u00e1s, solicitaron la investigar a los involucrados en ese delito.<\/p>\n<p>En la nota a la que se refiere Cuevas, la ADIA-RD hace un llamado al Ministro de Medio Ambiente, \u00c1ngel Francisco Est\u00e9vez Bourdierd para que detenga la tala de \u00e1rboles en esa demarcaci\u00f3n.<\/p>\n<p><a href=\"https:\/\/www.elcaribe.com.do\/2020\/08\/14\/director-de-medioambiente-en-independencia-desmiente-este-talando-arboles\/#\"><em><strong>Peri\u00f3dico El Caribe<\/strong><\/em><\/a><\/p>\n","protected":false},"excerpt":{"rendered":"<p>&nbsp; El director del Departamento Provincial de Medio Ambiente de la provincia Independencia, Nelson Cuevas, desminti\u00f3 este viernes que est\u00e9 cometiendo un crimen contra el medio ambiente, con la supuesta tumba de \u00e1rboles para hacer negocios, seg\u00fan denunci\u00f3 hace unos d\u00edas el presidente de la Asociaci\u00f3n Dominicana de Ingenieros Agr\u00f3nomos (ADIA-RD), ingeniero Buenaventura Gonz\u00e1lez, en [&hellip;]<\/p>\n","protected":false},"author":1,"featured_media":292,"comment_status":"open","ping_status":"open","sticky":false,"template":"","format":"standard","meta":{"footnotes":""},"categories":[14],"tags":[],"class_list":["post-291","post","type-post","status-publish","format-standard","has-post-thumbnail","hentry","category-noticias"],"_links":{"self":[{"href":"https:\/\/ciepo.org\/nbsime\/wp-json\/wp\/v2\/posts\/291","targetHints":{"allow":["GET"]}}],"collection":[{"href":"https:\/\/ciepo.org\/nbsime\/wp-json\/wp\/v2\/posts"}],"about":[{"href":"https:\/\/ciepo.org\/nbsime\/wp-json\/wp\/v2\/types\/post"}],"author":[{"embeddable":true,"href":"https:\/\/ciepo.org\/nbsime\/wp-json\/wp\/v2\/users\/1"}],"replies":[{"embeddable":true,"href":"https:\/\/ciepo.org\/nbsime\/wp-json\/wp\/v2\/comments?post=291"}],"version-history":[{"count":9,"href":"https:\/\/ciepo.org\/nbsime\/wp-json\/wp\/v2\/posts\/291\/revisions"}],"predecessor-version":[{"id":304,"href":"https:\/\/ciepo.org\/nbsime\/wp-json\/wp\/v2\/posts\/291\/revisions\/304"}],"wp:featuredmedia":[{"embeddable":true,"href":"https:\/\/ciepo.org\/nbsime\/wp-json\/wp\/v2\/media\/292"}],"wp:attachment":[{"href":"https:\/\/ciepo.org\/nbsime\/wp-json\/wp\/v2\/media?parent=291"}],"wp:term":[{"taxonomy":"category","embeddable":true,"href":"https:\/\/ciepo.org\/nbsime\/wp-json\/wp\/v2\/categories?post=291"},{"taxonomy":"post_tag","embeddable":true,"href":"https:\/\/ciepo.org\/nbsime\/wp-json\/wp\/v2\/tags?post=291"}],"curies":[{"name":"wp","href":"https:\/\/api.w.org\/{rel}","templated":true}]}}